{"id":1938,"date":"2022-06-14T11:00:32","date_gmt":"2022-06-14T11:00:32","guid":{"rendered":"https:\/\/clp-akademie.de\/wpdata\/?p=1938"},"modified":"2022-06-14T11:12:29","modified_gmt":"2022-06-14T11:12:29","slug":"brandneu-podcast-zum-thema-vergabe-des-betriebs-einer-kindertagesstatte","status":"publish","type":"post","link":"https:\/\/clp-akademie.de\/wpdata\/brandneu-podcast-zum-thema-vergabe-des-betriebs-einer-kindertagesstatte\/","title":{"rendered":"Brandneu \u2013 Podcast zum Thema \u201eVergabe des Betriebs einer Kindertagesst\u00e4tte\u201c"},"content":{"rendered":"<div  class='flex_column av-2g7erm-16fce63f1b47d43acc8ebd852ea82597 av_one_full  avia-builder-el-0  avia-builder-el-no-sibling  first flex_column_div  '     ><p>\n<style type=\"text\/css\" data-created_by=\"avia_inline_auto\" id=\"style-css-av-l4e1w8vm-9647d6728ac4efe2c2532ace0f4d7077\">\n#top .av-special-heading.av-l4e1w8vm-9647d6728ac4efe2c2532ace0f4d7077{\npadding-bottom:10px;\n}\nbody .av-special-heading.av-l4e1w8vm-9647d6728ac4efe2c2532ace0f4d7077 .av-special-heading-tag .heading-char{\nfont-size:25px;\n}\n.av-special-heading.av-l4e1w8vm-9647d6728ac4efe2c2532ace0f4d7077 .av-subheading{\nfont-size:15px;\n}\n<\/style>\n<div  class='av-special-heading av-l4e1w8vm-9647d6728ac4efe2c2532ace0f4d7077 av-special-heading-h3  avia-builder-el-1  el_before_av_image  avia-builder-el-first '><h3 class='av-special-heading-tag '  itemprop=\"headline\"  >Brandneu \u2013 Podcast zum Thema <span class='special_amp'>\u201e<\/span>Vergabe des Betriebs einer Kindertagesst\u00e4tte<span class='special_amp'>\u201c<\/span>  <\/h3><div class=\"special-heading-border\"><div class=\"special-heading-inner-border\"><\/div><\/div><\/div><br \/>\n\n<style type=\"text\/css\" data-created_by=\"avia_inline_auto\" id=\"style-css-av-l4e1r3rc-e4a898212032b01bdd963e99bb49c9c3\">\n.avia-image-container.av-l4e1r3rc-e4a898212032b01bdd963e99bb49c9c3 img.avia_image{\nbox-shadow:none;\n}\n.avia-image-container.av-l4e1r3rc-e4a898212032b01bdd963e99bb49c9c3 .av-image-caption-overlay-center{\ncolor:#ffffff;\n}\n<\/style>\n<div  class='avia-image-container av-l4e1r3rc-e4a898212032b01bdd963e99bb49c9c3 av-styling- avia-align-center  avia-builder-el-2  el_after_av_heading  el_before_av_textblock  av-has-copyright av-copyright-always'   itemprop=\"image\" itemscope=\"itemscope\" itemtype=\"https:\/\/schema.org\/ImageObject\" ><div class=\"avia-image-container-inner\"><div class=\"avia-image-overlay-wrap\"><img decoding=\"async\" fetchpriority=\"high\" class='wp-image-1939 avia-img-lazy-loading-not-1939 avia_image ' src=\"https:\/\/clp-akademie.de\/wpdata\/wp-content\/uploads\/2022\/06\/StockSnap_Pixabay_microphone-g9201a3bd1_1920-1500x430.jpg\" alt='' title='StockSnap_Pixabay_microphone-g9201a3bd1_1920'  height=\"430\" width=\"1500\"  itemprop=\"thumbnailUrl\"  \/><\/div><small class=\"avia-copyright\">StockSnap-Pixaby.com<\/small><\/div><\/div><br \/>\n<section  class='av_textblock_section av-l4e1llhb-da2ea76fafb7b327e43993bdd3894411 '   itemscope=\"itemscope\" itemtype=\"https:\/\/schema.org\/BlogPosting\" itemprop=\"blogPost\" ><div class='avia_textblock'  itemprop=\"text\" ><p align=\"justify\">Gemeinsam mit den \u201eKitarechtlern\u201c (VEST Rechtsanw\u00e4lte) haben wir einen brandneuen Podcast \u2013 \u00dcber die Vergabe zur neuen Kita \u2013 ins Leben gerufen, der sich in erster Linie an freie Tr\u00e4ger von Kindertagesst\u00e4tten richtet. In dieser Podcast-Reihe wird durch den auf diesen Bereich spezialisierten Herrn RA Eric Neumann, LL.M. die Besonderheiten der Vergabe einer Kindertagesst\u00e4tte durch die \u00f6ffentliche Hand beleuchtet und praxisbezogen aufbereitet, was bei einer entsprechenden Beteiligung durch freie Tr\u00e4ger zu beachten ist.<\/p>\n<p align=\"justify\">Interessiert?<\/p>\n<p align=\"justify\">H\u00f6ren Sie rein:<\/p>\n<ul>\n<li><a href=\"https:\/\/kitarechtler.de\/2022\/05\/03\/wie-komme-ich-an-eine-neue-kita-vergaberecht-im-kitabereich-der-kitarechtler-podcast\/\">\u00dcber die Vergabe zur neuen Kita! (Teil 1)<\/a><\/li>\n<li><a href=\"https:\/\/kitarechtler.de\/2022\/05\/07\/wie-komme-ich-an-eine-neue-kita-kita-vergaberecht-teil2-der-kitarechtler-podcast\/\">\u00dcber die Vergabe zur neuen Kita! (Teil 2)<\/a><\/li>\n<li><a href=\"https:\/\/kitarechtler.de\/2022\/05\/10\/wie-komme-ich-an-eine-neue-kita-kita-vergaberecht-teil3-der-kitarechtler-podcast\/\">\u00dcber die Vergabe zur neuen Kita! (Teil 3)<\/a><\/li>\n<\/ul>\n<p align=\"justfiy\">Bei sonstigen Fragen rund um das Thema k\u00f6nnen Sie uns gerne per Mail \u2013 <a href=\"mailto:en@clp-law.de\">en@clp-law.de<\/a> \u2013 kontaktieren.<\/p>\n<\/div><\/section><\/p><\/div>\n","protected":false},"excerpt":{"rendered":"","protected":false},"author":5,"featured_media":1939,"comment_status":"closed","ping_status":"closed","sticky":false,"template":"","format":"standard","meta":{"_acf_changed":false,"footnotes":""},"categories":[10,11,16],"tags":[117,116,118,66],"class_list":["post-1938","post","type-post","status-publish","format-standard","has-post-thumbnail","hentry","category-news","category-public","category-vergaberecht","tag-kita","tag-podcast","tag-vergabe","tag-vergaberecht"],"acf":[],"yoast_head":"<!-- This site is optimized with the Yoast SEO plugin v27.3 - https:\/\/yoast.com\/product\/yoast-seo-wordpress\/ -->\n<title>Brandneu \u2013 Podcast zum Thema \u201eVergabe des Betriebs einer Kindertagesst\u00e4tte\u201c - CLP Akademie<\/title>\n<meta name=\"robots\" content=\"index, follow, max-snippet:-1, max-image-preview:large, max-video-preview:-1\" \/>\n<link rel=\"canonical\" href=\"https:\/\/clp-akademie.de\/wpdata\/brandneu-podcast-zum-thema-vergabe-des-betriebs-einer-kindertagesstatte\/\" \/>\n<meta property=\"og:locale\" content=\"de_DE\" \/>\n<meta property=\"og:type\" content=\"article\" \/>\n<meta property=\"og:title\" content=\"Brandneu \u2013 Podcast zum Thema \u201eVergabe des Betriebs einer Kindertagesst\u00e4tte\u201c - CLP Akademie\" \/>\n<meta property=\"og:url\" content=\"https:\/\/clp-akademie.de\/wpdata\/brandneu-podcast-zum-thema-vergabe-des-betriebs-einer-kindertagesstatte\/\" \/>\n<meta property=\"og:site_name\" content=\"CLP Akademie\" \/>\n<meta property=\"article:published_time\" content=\"2022-06-14T11:00:32+00:00\" \/>\n<meta property=\"article:modified_time\" content=\"2022-06-14T11:12:29+00:00\" \/>\n<meta property=\"og:image\" content=\"https:\/\/clp-akademie.de\/wpdata\/wp-content\/uploads\/2022\/06\/StockSnap_Pixabay_microphone-g9201a3bd1_1920.jpg\" \/>\n\t<meta property=\"og:image:width\" content=\"1920\" \/>\n\t<meta property=\"og:image:height\" content=\"1280\" \/>\n\t<meta property=\"og:image:type\" content=\"image\/jpeg\" \/>\n<meta name=\"author\" content=\"Olaf Senzel\" \/>\n<meta name=\"twitter:card\" content=\"summary_large_image\" \/>\n<meta name=\"twitter:label1\" content=\"Verfasst von\" \/>\n\t<meta name=\"twitter:data1\" content=\"Olaf Senzel\" \/>\n\t<meta name=\"twitter:label2\" content=\"Gesch\u00e4tzte Lesezeit\" \/>\n\t<meta name=\"twitter:data2\" content=\"2\u00a0Minuten\" \/>\n<script type=\"application\/ld+json\" class=\"yoast-schema-graph\">{\"@context\":\"https:\\\/\\\/schema.org\",\"@graph\":[{\"@type\":\"Article\",\"@id\":\"https:\\\/\\\/clp-akademie.de\\\/wpdata\\\/brandneu-podcast-zum-thema-vergabe-des-betriebs-einer-kindertagesstatte\\\/#article\",\"isPartOf\":{\"@id\":\"https:\\\/\\\/clp-akademie.de\\\/wpdata\\\/brandneu-podcast-zum-thema-vergabe-des-betriebs-einer-kindertagesstatte\\\/\"},\"author\":{\"name\":\"Olaf Senzel\",\"@id\":\"https:\\\/\\\/clp-akademie.de\\\/wpdata\\\/#\\\/schema\\\/person\\\/783b5e16be04ed11ace9d22f89213065\"},\"headline\":\"Brandneu \u2013 Podcast zum Thema \u201eVergabe des Betriebs einer Kindertagesst\u00e4tte\u201c\",\"datePublished\":\"2022-06-14T11:00:32+00:00\",\"dateModified\":\"2022-06-14T11:12:29+00:00\",\"mainEntityOfPage\":{\"@id\":\"https:\\\/\\\/clp-akademie.de\\\/wpdata\\\/brandneu-podcast-zum-thema-vergabe-des-betriebs-einer-kindertagesstatte\\\/\"},\"wordCount\":515,\"image\":{\"@id\":\"https:\\\/\\\/clp-akademie.de\\\/wpdata\\\/brandneu-podcast-zum-thema-vergabe-des-betriebs-einer-kindertagesstatte\\\/#primaryimage\"},\"thumbnailUrl\":\"https:\\\/\\\/clp-akademie.de\\\/wpdata\\\/wp-content\\\/uploads\\\/2022\\\/06\\\/StockSnap_Pixabay_microphone-g9201a3bd1_1920.jpg\",\"keywords\":[\"Kita\",\"Podcast\",\"Vergabe\",\"Vergaberecht\"],\"articleSection\":[\"News\",\"Public\",\"Vergaberecht\"],\"inLanguage\":\"de\"},{\"@type\":\"WebPage\",\"@id\":\"https:\\\/\\\/clp-akademie.de\\\/wpdata\\\/brandneu-podcast-zum-thema-vergabe-des-betriebs-einer-kindertagesstatte\\\/\",\"url\":\"https:\\\/\\\/clp-akademie.de\\\/wpdata\\\/brandneu-podcast-zum-thema-vergabe-des-betriebs-einer-kindertagesstatte\\\/\",\"name\":\"Brandneu \u2013 Podcast zum Thema \u201eVergabe des Betriebs einer Kindertagesst\u00e4tte\u201c - CLP Akademie\",\"isPartOf\":{\"@id\":\"https:\\\/\\\/clp-akademie.de\\\/wpdata\\\/#website\"},\"primaryImageOfPage\":{\"@id\":\"https:\\\/\\\/clp-akademie.de\\\/wpdata\\\/brandneu-podcast-zum-thema-vergabe-des-betriebs-einer-kindertagesstatte\\\/#primaryimage\"},\"image\":{\"@id\":\"https:\\\/\\\/clp-akademie.de\\\/wpdata\\\/brandneu-podcast-zum-thema-vergabe-des-betriebs-einer-kindertagesstatte\\\/#primaryimage\"},\"thumbnailUrl\":\"https:\\\/\\\/clp-akademie.de\\\/wpdata\\\/wp-content\\\/uploads\\\/2022\\\/06\\\/StockSnap_Pixabay_microphone-g9201a3bd1_1920.jpg\",\"datePublished\":\"2022-06-14T11:00:32+00:00\",\"dateModified\":\"2022-06-14T11:12:29+00:00\",\"author\":{\"@id\":\"https:\\\/\\\/clp-akademie.de\\\/wpdata\\\/#\\\/schema\\\/person\\\/783b5e16be04ed11ace9d22f89213065\"},\"breadcrumb\":{\"@id\":\"https:\\\/\\\/clp-akademie.de\\\/wpdata\\\/brandneu-podcast-zum-thema-vergabe-des-betriebs-einer-kindertagesstatte\\\/#breadcrumb\"},\"inLanguage\":\"de\",\"potentialAction\":[{\"@type\":\"ReadAction\",\"target\":[\"https:\\\/\\\/clp-akademie.de\\\/wpdata\\\/brandneu-podcast-zum-thema-vergabe-des-betriebs-einer-kindertagesstatte\\\/\"]}]},{\"@type\":\"ImageObject\",\"inLanguage\":\"de\",\"@id\":\"https:\\\/\\\/clp-akademie.de\\\/wpdata\\\/brandneu-podcast-zum-thema-vergabe-des-betriebs-einer-kindertagesstatte\\\/#primaryimage\",\"url\":\"https:\\\/\\\/clp-akademie.de\\\/wpdata\\\/wp-content\\\/uploads\\\/2022\\\/06\\\/StockSnap_Pixabay_microphone-g9201a3bd1_1920.jpg\",\"contentUrl\":\"https:\\\/\\\/clp-akademie.de\\\/wpdata\\\/wp-content\\\/uploads\\\/2022\\\/06\\\/StockSnap_Pixabay_microphone-g9201a3bd1_1920.jpg\",\"width\":1920,\"height\":1280},{\"@type\":\"BreadcrumbList\",\"@id\":\"https:\\\/\\\/clp-akademie.de\\\/wpdata\\\/brandneu-podcast-zum-thema-vergabe-des-betriebs-einer-kindertagesstatte\\\/#breadcrumb\",\"itemListElement\":[{\"@type\":\"ListItem\",\"position\":1,\"name\":\"Startseite\",\"item\":\"https:\\\/\\\/clp-akademie.de\\\/wpdata\\\/neuland\\\/\"},{\"@type\":\"ListItem\",\"position\":2,\"name\":\"Brandneu \u2013 Podcast zum Thema \u201eVergabe des Betriebs einer Kindertagesst\u00e4tte\u201c\"}]},{\"@type\":\"WebSite\",\"@id\":\"https:\\\/\\\/clp-akademie.de\\\/wpdata\\\/#website\",\"url\":\"https:\\\/\\\/clp-akademie.de\\\/wpdata\\\/\",\"name\":\"CLP Akademie\",\"description\":\"Seminar- und Fortbildungsveranstaltungen\",\"potentialAction\":[{\"@type\":\"SearchAction\",\"target\":{\"@type\":\"EntryPoint\",\"urlTemplate\":\"https:\\\/\\\/clp-akademie.de\\\/wpdata\\\/?s={search_term_string}\"},\"query-input\":{\"@type\":\"PropertyValueSpecification\",\"valueRequired\":true,\"valueName\":\"search_term_string\"}}],\"inLanguage\":\"de\"},{\"@type\":\"Person\",\"@id\":\"https:\\\/\\\/clp-akademie.de\\\/wpdata\\\/#\\\/schema\\\/person\\\/783b5e16be04ed11ace9d22f89213065\",\"name\":\"Olaf Senzel\",\"url\":\"https:\\\/\\\/clp-akademie.de\\\/wpdata\\\/author\\\/olaf-senzel\\\/\"}]}<\/script>\n<!-- \/ Yoast SEO plugin. -->","yoast_head_json":{"title":"Brandneu \u2013 Podcast zum Thema \u201eVergabe des Betriebs einer Kindertagesst\u00e4tte\u201c - CLP Akademie","robots":{"index":"index","follow":"follow","max-snippet":"max-snippet:-1","max-image-preview":"max-image-preview:large","max-video-preview":"max-video-preview:-1"},"canonical":"https:\/\/clp-akademie.de\/wpdata\/brandneu-podcast-zum-thema-vergabe-des-betriebs-einer-kindertagesstatte\/","og_locale":"de_DE","og_type":"article","og_title":"Brandneu \u2013 Podcast zum Thema \u201eVergabe des Betriebs einer Kindertagesst\u00e4tte\u201c - CLP Akademie","og_url":"https:\/\/clp-akademie.de\/wpdata\/brandneu-podcast-zum-thema-vergabe-des-betriebs-einer-kindertagesstatte\/","og_site_name":"CLP Akademie","article_published_time":"2022-06-14T11:00:32+00:00","article_modified_time":"2022-06-14T11:12:29+00:00","og_image":[{"width":1920,"height":1280,"url":"https:\/\/clp-akademie.de\/wpdata\/wp-content\/uploads\/2022\/06\/StockSnap_Pixabay_microphone-g9201a3bd1_1920.jpg","type":"image\/jpeg"}],"author":"Olaf Senzel","twitter_card":"summary_large_image","twitter_misc":{"Verfasst von":"Olaf Senzel","Gesch\u00e4tzte Lesezeit":"2\u00a0Minuten"},"schema":{"@context":"https:\/\/schema.org","@graph":[{"@type":"Article","@id":"https:\/\/clp-akademie.de\/wpdata\/brandneu-podcast-zum-thema-vergabe-des-betriebs-einer-kindertagesstatte\/#article","isPartOf":{"@id":"https:\/\/clp-akademie.de\/wpdata\/brandneu-podcast-zum-thema-vergabe-des-betriebs-einer-kindertagesstatte\/"},"author":{"name":"Olaf Senzel","@id":"https:\/\/clp-akademie.de\/wpdata\/#\/schema\/person\/783b5e16be04ed11ace9d22f89213065"},"headline":"Brandneu \u2013 Podcast zum Thema \u201eVergabe des Betriebs einer Kindertagesst\u00e4tte\u201c","datePublished":"2022-06-14T11:00:32+00:00","dateModified":"2022-06-14T11:12:29+00:00","mainEntityOfPage":{"@id":"https:\/\/clp-akademie.de\/wpdata\/brandneu-podcast-zum-thema-vergabe-des-betriebs-einer-kindertagesstatte\/"},"wordCount":515,"image":{"@id":"https:\/\/clp-akademie.de\/wpdata\/brandneu-podcast-zum-thema-vergabe-des-betriebs-einer-kindertagesstatte\/#primaryimage"},"thumbnailUrl":"https:\/\/clp-akademie.de\/wpdata\/wp-content\/uploads\/2022\/06\/StockSnap_Pixabay_microphone-g9201a3bd1_1920.jpg","keywords":["Kita","Podcast","Vergabe","Vergaberecht"],"articleSection":["News","Public","Vergaberecht"],"inLanguage":"de"},{"@type":"WebPage","@id":"https:\/\/clp-akademie.de\/wpdata\/brandneu-podcast-zum-thema-vergabe-des-betriebs-einer-kindertagesstatte\/","url":"https:\/\/clp-akademie.de\/wpdata\/brandneu-podcast-zum-thema-vergabe-des-betriebs-einer-kindertagesstatte\/","name":"Brandneu \u2013 Podcast zum Thema \u201eVergabe des Betriebs einer Kindertagesst\u00e4tte\u201c - CLP Akademie","isPartOf":{"@id":"https:\/\/clp-akademie.de\/wpdata\/#website"},"primaryImageOfPage":{"@id":"https:\/\/clp-akademie.de\/wpdata\/brandneu-podcast-zum-thema-vergabe-des-betriebs-einer-kindertagesstatte\/#primaryimage"},"image":{"@id":"https:\/\/clp-akademie.de\/wpdata\/brandneu-podcast-zum-thema-vergabe-des-betriebs-einer-kindertagesstatte\/#primaryimage"},"thumbnailUrl":"https:\/\/clp-akademie.de\/wpdata\/wp-content\/uploads\/2022\/06\/StockSnap_Pixabay_microphone-g9201a3bd1_1920.jpg","datePublished":"2022-06-14T11:00:32+00:00","dateModified":"2022-06-14T11:12:29+00:00","author":{"@id":"https:\/\/clp-akademie.de\/wpdata\/#\/schema\/person\/783b5e16be04ed11ace9d22f89213065"},"breadcrumb":{"@id":"https:\/\/clp-akademie.de\/wpdata\/brandneu-podcast-zum-thema-vergabe-des-betriebs-einer-kindertagesstatte\/#breadcrumb"},"inLanguage":"de","potentialAction":[{"@type":"ReadAction","target":["https:\/\/clp-akademie.de\/wpdata\/brandneu-podcast-zum-thema-vergabe-des-betriebs-einer-kindertagesstatte\/"]}]},{"@type":"ImageObject","inLanguage":"de","@id":"https:\/\/clp-akademie.de\/wpdata\/brandneu-podcast-zum-thema-vergabe-des-betriebs-einer-kindertagesstatte\/#primaryimage","url":"https:\/\/clp-akademie.de\/wpdata\/wp-content\/uploads\/2022\/06\/StockSnap_Pixabay_microphone-g9201a3bd1_1920.jpg","contentUrl":"https:\/\/clp-akademie.de\/wpdata\/wp-content\/uploads\/2022\/06\/StockSnap_Pixabay_microphone-g9201a3bd1_1920.jpg","width":1920,"height":1280},{"@type":"BreadcrumbList","@id":"https:\/\/clp-akademie.de\/wpdata\/brandneu-podcast-zum-thema-vergabe-des-betriebs-einer-kindertagesstatte\/#breadcrumb","itemListElement":[{"@type":"ListItem","position":1,"name":"Startseite","item":"https:\/\/clp-akademie.de\/wpdata\/neuland\/"},{"@type":"ListItem","position":2,"name":"Brandneu \u2013 Podcast zum Thema \u201eVergabe des Betriebs einer Kindertagesst\u00e4tte\u201c"}]},{"@type":"WebSite","@id":"https:\/\/clp-akademie.de\/wpdata\/#website","url":"https:\/\/clp-akademie.de\/wpdata\/","name":"CLP Akademie","description":"Seminar- und Fortbildungsveranstaltungen","potentialAction":[{"@type":"SearchAction","target":{"@type":"EntryPoint","urlTemplate":"https:\/\/clp-akademie.de\/wpdata\/?s={search_term_string}"},"query-input":{"@type":"PropertyValueSpecification","valueRequired":true,"valueName":"search_term_string"}}],"inLanguage":"de"},{"@type":"Person","@id":"https:\/\/clp-akademie.de\/wpdata\/#\/schema\/person\/783b5e16be04ed11ace9d22f89213065","name":"Olaf Senzel","url":"https:\/\/clp-akademie.de\/wpdata\/author\/olaf-senzel\/"}]}},"_links":{"self":[{"href":"https:\/\/clp-akademie.de\/wpdata\/wp-json\/wp\/v2\/posts\/1938","targetHints":{"allow":["GET"]}}],"collection":[{"href":"https:\/\/clp-akademie.de\/wpdata\/wp-json\/wp\/v2\/posts"}],"about":[{"href":"https:\/\/clp-akademie.de\/wpdata\/wp-json\/wp\/v2\/types\/post"}],"author":[{"embeddable":true,"href":"https:\/\/clp-akademie.de\/wpdata\/wp-json\/wp\/v2\/users\/5"}],"replies":[{"embeddable":true,"href":"https:\/\/clp-akademie.de\/wpdata\/wp-json\/wp\/v2\/comments?post=1938"}],"version-history":[{"count":6,"href":"https:\/\/clp-akademie.de\/wpdata\/wp-json\/wp\/v2\/posts\/1938\/revisions"}],"predecessor-version":[{"id":1946,"href":"https:\/\/clp-akademie.de\/wpdata\/wp-json\/wp\/v2\/posts\/1938\/revisions\/1946"}],"wp:featuredmedia":[{"embeddable":true,"href":"https:\/\/clp-akademie.de\/wpdata\/wp-json\/wp\/v2\/media\/1939"}],"wp:attachment":[{"href":"https:\/\/clp-akademie.de\/wpdata\/wp-json\/wp\/v2\/media?parent=1938"}],"wp:term":[{"taxonomy":"category","embeddable":true,"href":"https:\/\/clp-akademie.de\/wpdata\/wp-json\/wp\/v2\/categories?post=1938"},{"taxonomy":"post_tag","embeddable":true,"href":"https:\/\/clp-akademie.de\/wpdata\/wp-json\/wp\/v2\/tags?post=1938"}],"curies":[{"name":"wp","href":"https:\/\/api.w.org\/{rel}","templated":true}]}}